{"id":124609,"date":"2026-04-29T12:29:19","date_gmt":"2026-04-29T10:29:19","guid":{"rendered":"https:\/\/muma.swisslivetalents.ch\/jamila\/"},"modified":"2026-05-01T09:14:26","modified_gmt":"2026-05-01T07:14:26","slug":"jamila","status":"publish","type":"post","link":"https:\/\/muma.swisslivetalents.ch\/de\/jamila\/","title":{"rendered":"Jamila (ZH)"},"content":{"rendered":"<p>[et_pb_section fb_built=&#8220;1&#8243; _builder_version=&#8220;4.27.6&#8243; _module_preset=&#8220;default&#8220; background_color=&#8220;gcid-0d4f582c-fd19-441f-b082-563fb1289e02&#8243; global_colors_info=&#8220;{%22gcid-0d4f582c-fd19-441f-b082-563fb1289e02%22:%91%22background_color%22%93}&#8220;][et_pb_row column_structure=&#8220;1_2,1_2&#8243; _builder_version=&#8220;4.27.6&#8243; _module_preset=&#8220;default&#8220; global_colors_info=&#8220;{}&#8220;][et_pb_column type=&#8220;1_2&#8243; _builder_version=&#8220;4.27.6&#8243; _module_preset=&#8220;default&#8220; global_colors_info=&#8220;{}&#8220;][et_pb_code _builder_version=&#8220;4.27.6&#8243; _module_preset=&#8220;default&#8220; hover_enabled=&#8220;0&#8243; border_color_all=&#8220;gcid-727fca8f-6152-4476-8bff-a964eb110587&#8243; global_colors_info=&#8220;{%22gcid-727fca8f-6152-4476-8bff-a964eb110587%22:%91%22border_color_all%22%93}&#8220; sticky_enabled=&#8220;0&#8243;]<\/p>\n<div style=\"border:2px solid #000; display:flex; flex-direction:column; overflow:hidden; background:#fff;\"><!-- [et_pb_line_break_holder] -->  <\/p>\n<div style=\"border-bottom:2px solid #000; padding:10px 14px; background:#28ff5a;\"><!-- [et_pb_line_break_holder] -->    <span style=\"font-size:15px; font-weight:400; letter-spacing:0.08em; text-transform:uppercase;\">Pop<\/span><!-- [et_pb_line_break_holder] -->  <\/div>\n<p><!-- [et_pb_line_break_holder] -->  <\/p>\n<div style=\"border-bottom:2px solid #000; padding:18px 14px;\"><!-- [et_pb_line_break_holder] -->    <span style=\"font-size:45px; font-weight:400; line-height:1.1;\">Jamila<\/span><!-- [et_pb_line_break_holder] -->  <\/div>\n<p><!-- [et_pb_line_break_holder] -->  <\/p>\n<div style=\"overflow:hidden; min-height:350px;\"><!-- [et_pb_line_break_holder] -->    <img decoding=\"async\" src=\"https:\/\/muma.swisslivetalents.ch\/wp-content\/uploads\/2026\/04\/Jamila-Press-Shot-1-Roberto-Ecclesia-Jr-scaled.jpeg\" style=\"width:100%; height:350px; object-fit:cover; display:block;\" \/><!-- [et_pb_line_break_holder] -->  <\/div>\n<p><!-- [et_pb_line_break_holder] -->  <\/p>\n<div style=\"border-top:2px solid #000; padding:10px 14px;\"><!-- [et_pb_line_break_holder] -->    <span style=\"font-size:15px; color:#666; font-style:italic;\">Kuppel &#8211; Samstag, 22. August<\/span><!-- [et_pb_line_break_holder] -->  <\/div>\n<p><!-- [et_pb_line_break_holder] --><\/div>\n<p><!-- [et_pb_line_break_holder] --><\/p>\n<div style=\"margin-top:16px; text-align:center;\"><!-- [et_pb_line_break_holder] -->  <a href=\"https:\/\/muma.swisslivetalents.ch\/de\/2026-tickets\/\" target=\"_blank\" style=\"display:inline-block; background:#28ff5a; border:2px solid #000; border-radius:999px; padding:8px 20px; font-size:14px; font-weight:700; letter-spacing:0.06em; text-transform:uppercase; text-decoration:none; color:#000;\">Tickets<\/a><!-- [et_pb_line_break_holder] --><\/div>\n<p>[\/et_pb_code][\/et_pb_column][et_pb_column type=&#8220;1_2&#8243; _builder_version=&#8220;4.27.6&#8243; _module_preset=&#8220;default&#8220; global_colors_info=&#8220;{}&#8220;][et_pb_text _builder_version=&#8220;4.27.6&#8243; _module_preset=&#8220;default&#8220; text_text_color=&#8220;#FFFFFF&#8220; custom_margin=&#8220;10px||||false|false&#8220; custom_margin_tablet=&#8220;30px||||false|false&#8220; custom_margin_phone=&#8220;30px||||false|false&#8220; custom_margin_last_edited=&#8220;on|phone&#8220; global_colors_info=&#8220;{}&#8220;]<\/p>\n<p>F\u00fcr die schweizerisch-pal\u00e4stinensische Popmusikerin Jamila ist die Schaffung eines Raums f\u00fcr Verletzlichkeit und Introspektion das Herzst\u00fcck ihres musikalischen Schreibens. Sie interessierte sich schon in jungen Jahren f\u00fcr Musik, aber lange Zeit konnte sie sich nicht vorstellen, dass ihre Lieder au\u00dferhalb des sicheren Raums ihres Zimmers existieren w\u00fcrden. Erst vor kurzem fand sie den Mut, andere hereinzubitten und ihre Musik zu teilen.<\/p>\n<p>Inspiriert von K\u00fcnstlern wie Gracie Abrams und Holly Humberstone, zieht Jamila ihr Publikum mit ihrem traumhaften Gitarrenklang und ihrer poetischen Offenheit in ihren Bann. Die Authentizit\u00e4t steht immer im Mittelpunkt ihres Schreibens: Jamilas tagebuchartige Worte wirken oft wie ein spontanes Gest\u00e4ndnis &#8211; ehrlich, roh und voller Dringlichkeit.<\/p>\n<p>Jamilas Musik hat in den letzten Monaten einen bemerkenswerten Aufschwung erlebt und wurde von allen gro\u00dfen nationalen Radiosendern der Schweiz gespielt.<\/p>\n<p>Spotify hob sie als eine seiner K\u00fcnstlerinnen f\u00fcr 2025 hervor und w\u00e4hlte sie als Botschafterin f\u00fcr die Kampagne EQUAL GSA, w\u00e4hrend Apple Music ihr folgte und sie zur K\u00fcnstlerin UP NEXT ernannte.<\/p>\n<p>Mit diesem Elan hat Jamila bereits auf einigen der renommiertesten Festivals der Schweiz gespielt, darunter das Montreux Jazz Festival, das Gurtenfestival und das m4music Festival, sowie zwei Auftritte beim diesj\u00e4hrigen Reeperbahn Festival in Hamburg.<\/p>\n<p>In diesem Jahr wurde Jamila f\u00fcr die Swiss Music Awards in der Kategorie SRF 3 Best Talent nominiert.<\/p>\n<p>[\/et_pb_text][\/et_pb_column][\/et_pb_row][\/et_pb_section][et_pb_section fb_built=&#8220;1&#8243; _builder_version=&#8220;4.27.6&#8243; _module_preset=&#8220;default&#8220; background_color=&#8220;gcid-0d4f582c-fd19-441f-b082-563fb1289e02&#8243; custom_margin=&#8220;||-60px||false|false&#8220; custom_margin_tablet=&#8220;||-60px||false|false&#8220; custom_margin_phone=&#8220;||-60px||false|false&#8220; custom_margin_last_edited=&#8220;on|phone&#8220; global_colors_info=&#8220;{%22gcid-0d4f582c-fd19-441f-b082-563fb1289e02%22:%91%22background_color%22%93}&#8220;][et_pb_row _builder_version=&#8220;4.27.6&#8243; _module_preset=&#8220;default&#8220; global_colors_info=&#8220;{}&#8220;][et_pb_column type=&#8220;4_4&#8243; _builder_version=&#8220;4.27.6&#8243; _module_preset=&#8220;default&#8220; global_colors_info=&#8220;{}&#8220;][et_pb_code _builder_version=&#8220;4.27.6&#8243; _module_preset=&#8220;default&#8220; global_colors_info=&#8220;{}&#8220;]<iframe loading=\"lazy\" src=\"https:\/\/mx3.ch\/p\/1203yS\/embed\/standard\" width=\"100%\" height=\"360\" scrolling=\"no\" frameborder=\"no\" allowfullscreen=\"\"><\/iframe>[\/et_pb_code][\/et_pb_column][\/et_pb_row][\/et_pb_section]<\/p>\n","protected":false},"excerpt":{"rendered":"<p>F\u00fcr die schweizerisch-pal\u00e4stinensische Popmusikerin Jamila ist die Schaffung eines Raums f\u00fcr Verletzlichkeit und Introspektion das Herzst\u00fcck ihres musikalischen Schreibens. Sie interessierte sich schon in jungen Jahren f\u00fcr Musik, aber lange Zeit konnte sie sich nicht vorstellen, dass ihre Lieder au\u00dferhalb des sicheren Raums ihres Zimmers existieren w\u00fcrden. Erst vor kurzem fand sie den Mut, andere [&hellip;]<\/p>\n","protected":false},"author":2,"featured_media":124044,"comment_status":"open","ping_status":"open","sticky":false,"template":"","format":"standard","meta":{"_et_pb_use_builder":"on","_et_pb_old_content":"","_et_gb_content_width":"","footnotes":""},"categories":[492],"tags":[],"class_list":["post-124609","post","type-post","status-publish","format-standard","has-post-thumbnail","hentry","category-pop-26"],"_links":{"self":[{"href":"https:\/\/muma.swisslivetalents.ch\/de\/wp-json\/wp\/v2\/posts\/124609","targetHints":{"allow":["GET"]}}],"collection":[{"href":"https:\/\/muma.swisslivetalents.ch\/de\/wp-json\/wp\/v2\/posts"}],"about":[{"href":"https:\/\/muma.swisslivetalents.ch\/de\/wp-json\/wp\/v2\/types\/post"}],"author":[{"embeddable":true,"href":"https:\/\/muma.swisslivetalents.ch\/de\/wp-json\/wp\/v2\/users\/2"}],"replies":[{"embeddable":true,"href":"https:\/\/muma.swisslivetalents.ch\/de\/wp-json\/wp\/v2\/comments?post=124609"}],"version-history":[{"count":4,"href":"https:\/\/muma.swisslivetalents.ch\/de\/wp-json\/wp\/v2\/posts\/124609\/revisions"}],"predecessor-version":[{"id":124875,"href":"https:\/\/muma.swisslivetalents.ch\/de\/wp-json\/wp\/v2\/posts\/124609\/revisions\/124875"}],"wp:featuredmedia":[{"embeddable":true,"href":"https:\/\/muma.swisslivetalents.ch\/de\/wp-json\/wp\/v2\/media\/124044"}],"wp:attachment":[{"href":"https:\/\/muma.swisslivetalents.ch\/de\/wp-json\/wp\/v2\/media?parent=124609"}],"wp:term":[{"taxonomy":"category","embeddable":true,"href":"https:\/\/muma.swisslivetalents.ch\/de\/wp-json\/wp\/v2\/categories?post=124609"},{"taxonomy":"post_tag","embeddable":true,"href":"https:\/\/muma.swisslivetalents.ch\/de\/wp-json\/wp\/v2\/tags?post=124609"}],"curies":[{"name":"wp","href":"https:\/\/api.w.org\/{rel}","templated":true}]}}