{"id":124585,"date":"2026-04-29T12:21:45","date_gmt":"2026-04-29T10:21:45","guid":{"rendered":"https:\/\/muma.swisslivetalents.ch\/mattiu\/"},"modified":"2026-05-01T09:14:55","modified_gmt":"2026-05-01T07:14:55","slug":"mattiu","status":"publish","type":"post","link":"https:\/\/muma.swisslivetalents.ch\/de\/mattiu\/","title":{"rendered":"Mattiu (GR)"},"content":{"rendered":"<p>[et_pb_section fb_built=&#8220;1&#8243; _builder_version=&#8220;4.27.6&#8243; _module_preset=&#8220;default&#8220; background_color=&#8220;gcid-0d4f582c-fd19-441f-b082-563fb1289e02&#8243; global_colors_info=&#8220;{%22gcid-0d4f582c-fd19-441f-b082-563fb1289e02%22:%91%22background_color%22%93}&#8220;][et_pb_row column_structure=&#8220;1_2,1_2&#8243; _builder_version=&#8220;4.27.6&#8243; _module_preset=&#8220;default&#8220; global_colors_info=&#8220;{}&#8220;][et_pb_column type=&#8220;1_2&#8243; _builder_version=&#8220;4.27.6&#8243; _module_preset=&#8220;default&#8220; global_colors_info=&#8220;{}&#8220;][et_pb_code _builder_version=&#8220;4.27.6&#8243; _module_preset=&#8220;default&#8220; hover_enabled=&#8220;0&#8243; border_color_all=&#8220;gcid-727fca8f-6152-4476-8bff-a964eb110587&#8243; global_colors_info=&#8220;{%22gcid-727fca8f-6152-4476-8bff-a964eb110587%22:%91%22border_color_all%22%93}&#8220; sticky_enabled=&#8220;0&#8243;]<\/p>\n<div style=\"border:2px solid #000; display:flex; flex-direction:column; overflow:hidden; background:#fff;\"><!-- [et_pb_line_break_holder] -->  <\/p>\n<div style=\"border-bottom:2px solid #000; padding:10px 14px; background:#28ff5a;\"><!-- [et_pb_line_break_holder] -->    <span style=\"font-size:15px; font-weight:400; letter-spacing:0.08em; text-transform:uppercase;\">Pop<\/span><!-- [et_pb_line_break_holder] -->  <\/div>\n<p><!-- [et_pb_line_break_holder] -->  <\/p>\n<div style=\"border-bottom:2px solid #000; padding:18px 14px;\"><!-- [et_pb_line_break_holder] -->    <span style=\"font-size:45px; font-weight:400; line-height:1.1;\">Mattiu<\/span><!-- [et_pb_line_break_holder] -->  <\/div>\n<p><!-- [et_pb_line_break_holder] -->  <\/p>\n<div style=\"overflow:hidden; min-height:350px;\"><!-- [et_pb_line_break_holder] -->    <img decoding=\"async\" src=\"https:\/\/muma.swisslivetalents.ch\/wp-content\/uploads\/2026\/04\/mattiu-1-scaled.jpeg\" style=\"width:100%; height:380px; object-fit:cover; display:block;\" \/><!-- [et_pb_line_break_holder] -->  <\/div>\n<p><!-- [et_pb_line_break_holder] -->  <\/p>\n<div style=\"border-top:2px solid #000; padding:10px 14px;\"><!-- [et_pb_line_break_holder] -->    <span style=\"font-size:15px; color:#666; font-style:italic;\">Atlantis &#8211; Samstag, 22. August<\/span><!-- [et_pb_line_break_holder] -->  <\/div>\n<p><!-- [et_pb_line_break_holder] --><\/div>\n<p><!-- [et_pb_line_break_holder] --><\/p>\n<div style=\"margin-top:16px; text-align:center;\"><!-- [et_pb_line_break_holder] -->  <a href=\"https:\/\/muma.swisslivetalents.ch\/de\/2026-tickets\/\" target=\"_blank\" style=\"display:inline-block; background:#28ff5a; border:2px solid #000; border-radius:999px; padding:8px 20px; font-size:14px; font-weight:700; letter-spacing:0.06em; text-transform:uppercase; text-decoration:none; color:#000;\">Tickets<\/a><!-- [et_pb_line_break_holder] --><\/div>\n<p>[\/et_pb_code][\/et_pb_column][et_pb_column type=&#8220;1_2&#8243; _builder_version=&#8220;4.27.6&#8243; _module_preset=&#8220;default&#8220; global_colors_info=&#8220;{}&#8220;][et_pb_text _builder_version=&#8220;4.27.6&#8243; _module_preset=&#8220;default&#8220; text_text_color=&#8220;#FFFFFF&#8220; custom_margin=&#8220;10px||||false|false&#8220; custom_margin_tablet=&#8220;30px||||false|false&#8220; custom_margin_phone=&#8220;30px||||false|false&#8220; custom_margin_last_edited=&#8220;on|phone&#8220; global_colors_info=&#8220;{}&#8220;]<\/p>\n<p>Mit seiner unvergleichlichen Stimme und seinen tiefgr\u00fcndigen Liedern bringt der 27-j\u00e4hrige Mattiu die B\u00fcndner Alpenwelt auf die B\u00fchne. Er singt in seiner Muttersprache R\u00e4toromanisch und verbindet Musik, Bilder und Natur zu einem einzigartigen Live-Erlebnis. Seine Musik spricht f\u00fcr sich selbst &#8211; seine Botschaft ist auch dann sp\u00fcrbar, wenn man die Sprache nicht versteht.<\/p>\n<p>Sein erstes Album, <em>Sur La Selva<\/em> (2022), brachte ihn in die Schweizer Charts und brachte ihm die Auszeichnung <strong>SRF 3 Best Talent ein<\/strong>. Mehr als 150 Konzerte f\u00fchrten ihn durch die ganze Schweiz &#8211; von ausverkauften Clubs bis hin zu renommierten Festivals wie dem <strong>Montreux Jazz Festival<\/strong>, dem Mundartfestival Arosa oder <strong>Stars in Town<\/strong><strong>.<\/strong><\/p>\n<p>Im Januar 2026 unternahm Mattiu seine erste Auslandstournee durch Deutschland und die Niederlande, mit einem ausverkauften Konzert in Amsterdam. Im Februar 2026 erschien sein zweites Soloalbum, <em>AURA<\/em> &#8211; ein neues Kapitel in seiner beeindruckenden musikalischen Laufbahn, das seinen Platz unter den aufregendsten Stimmen der Schweizer Musikszene weiter best\u00e4tigt.<\/p>\n<p>[\/et_pb_text][\/et_pb_column][\/et_pb_row][\/et_pb_section][et_pb_section fb_built=&#8220;1&#8243; _builder_version=&#8220;4.27.6&#8243; _module_preset=&#8220;default&#8220; background_color=&#8220;gcid-0d4f582c-fd19-441f-b082-563fb1289e02&#8243; custom_margin=&#8220;||-80px||false|false&#8220; custom_margin_tablet=&#8220;||-60px||false|false&#8220; custom_margin_phone=&#8220;||-80px||false|false&#8220; custom_margin_last_edited=&#8220;on|phone&#8220; global_colors_info=&#8220;{%22gcid-0d4f582c-fd19-441f-b082-563fb1289e02%22:%91%22background_color%22%93}&#8220;][et_pb_row _builder_version=&#8220;4.27.6&#8243; _module_preset=&#8220;default&#8220; global_colors_info=&#8220;{}&#8220;][et_pb_column type=&#8220;4_4&#8243; _builder_version=&#8220;4.27.6&#8243; _module_preset=&#8220;default&#8220; global_colors_info=&#8220;{}&#8220;][et_pb_code _builder_version=&#8220;4.27.6&#8243; _module_preset=&#8220;default&#8220; global_colors_info=&#8220;{}&#8220;]<iframe loading=\"lazy\" src=\"https:\/\/mx3.ch\/p\/ry6\/embed\/standard\" width=\"100%\" height=\"360\" scrolling=\"no\" frameborder=\"no\" allowfullscreen=\"\"><\/iframe>[\/et_pb_code][\/et_pb_column][\/et_pb_row][\/et_pb_section]<\/p>\n","protected":false},"excerpt":{"rendered":"<p>Mit seiner unvergleichlichen Stimme und seinen tiefgr\u00fcndigen Liedern bringt der 27-j\u00e4hrige Mattiu die B\u00fcndner Alpenwelt auf die B\u00fchne. Er singt in seiner Muttersprache R\u00e4toromanisch und verbindet Musik, Bilder und Natur zu einem einzigartigen Live-Erlebnis. Seine Musik spricht f\u00fcr sich selbst &#8211; seine Botschaft ist auch dann sp\u00fcrbar, wenn man die Sprache nicht versteht. Sein erstes [&hellip;]<\/p>\n","protected":false},"author":2,"featured_media":124062,"comment_status":"open","ping_status":"open","sticky":false,"template":"","format":"standard","meta":{"_et_pb_use_builder":"on","_et_pb_old_content":"","_et_gb_content_width":"","footnotes":""},"categories":[492],"tags":[],"class_list":["post-124585","post","type-post","status-publish","format-standard","has-post-thumbnail","hentry","category-pop-26"],"_links":{"self":[{"href":"https:\/\/muma.swisslivetalents.ch\/de\/wp-json\/wp\/v2\/posts\/124585","targetHints":{"allow":["GET"]}}],"collection":[{"href":"https:\/\/muma.swisslivetalents.ch\/de\/wp-json\/wp\/v2\/posts"}],"about":[{"href":"https:\/\/muma.swisslivetalents.ch\/de\/wp-json\/wp\/v2\/types\/post"}],"author":[{"embeddable":true,"href":"https:\/\/muma.swisslivetalents.ch\/de\/wp-json\/wp\/v2\/users\/2"}],"replies":[{"embeddable":true,"href":"https:\/\/muma.swisslivetalents.ch\/de\/wp-json\/wp\/v2\/comments?post=124585"}],"version-history":[{"count":4,"href":"https:\/\/muma.swisslivetalents.ch\/de\/wp-json\/wp\/v2\/posts\/124585\/revisions"}],"predecessor-version":[{"id":124879,"href":"https:\/\/muma.swisslivetalents.ch\/de\/wp-json\/wp\/v2\/posts\/124585\/revisions\/124879"}],"wp:featuredmedia":[{"embeddable":true,"href":"https:\/\/muma.swisslivetalents.ch\/de\/wp-json\/wp\/v2\/media\/124062"}],"wp:attachment":[{"href":"https:\/\/muma.swisslivetalents.ch\/de\/wp-json\/wp\/v2\/media?parent=124585"}],"wp:term":[{"taxonomy":"category","embeddable":true,"href":"https:\/\/muma.swisslivetalents.ch\/de\/wp-json\/wp\/v2\/categories?post=124585"},{"taxonomy":"post_tag","embeddable":true,"href":"https:\/\/muma.swisslivetalents.ch\/de\/wp-json\/wp\/v2\/tags?post=124585"}],"curies":[{"name":"wp","href":"https:\/\/api.w.org\/{rel}","templated":true}]}}