{"id":124570,"date":"2026-04-29T12:10:31","date_gmt":"2026-04-29T10:10:31","guid":{"rendered":"https:\/\/muma.swisslivetalents.ch\/daens\/"},"modified":"2026-05-01T09:15:09","modified_gmt":"2026-05-01T07:15:09","slug":"daens","status":"publish","type":"post","link":"https:\/\/muma.swisslivetalents.ch\/de\/daens\/","title":{"rendered":"Daens (UR)"},"content":{"rendered":"<p>[et_pb_section fb_built=&#8220;1&#8243; _builder_version=&#8220;4.27.6&#8243; _module_preset=&#8220;default&#8220; background_color=&#8220;gcid-0d4f582c-fd19-441f-b082-563fb1289e02&#8243; global_colors_info=&#8220;{%22gcid-0d4f582c-fd19-441f-b082-563fb1289e02%22:%91%22background_color%22%93}&#8220;][et_pb_row column_structure=&#8220;1_2,1_2&#8243; _builder_version=&#8220;4.27.6&#8243; _module_preset=&#8220;default&#8220; global_colors_info=&#8220;{}&#8220;][et_pb_column type=&#8220;1_2&#8243; _builder_version=&#8220;4.27.6&#8243; _module_preset=&#8220;default&#8220; global_colors_info=&#8220;{}&#8220;][et_pb_code _builder_version=&#8220;4.27.6&#8243; _module_preset=&#8220;default&#8220; border_color_all=&#8220;gcid-727fca8f-6152-4476-8bff-a964eb110587&#8243; global_colors_info=&#8220;{%22gcid-727fca8f-6152-4476-8bff-a964eb110587%22:%91%22border_color_all%22%93}&#8220;]<\/p>\n<div style=\"border:2px solid #000; display:flex; flex-direction:column; overflow:hidden; background:#fff;\"><!-- [et_pb_line_break_holder] -->  <\/p>\n<div style=\"border-bottom:2px solid #000; padding:10px 14px; background:#28ff5a;\"><!-- [et_pb_line_break_holder] -->    <span style=\"font-size:15px; font-weight:400; letter-spacing:0.08em; text-transform:uppercase;\">Pop<\/span><!-- [et_pb_line_break_holder] -->  <\/div>\n<p><!-- [et_pb_line_break_holder] -->  <\/p>\n<div style=\"border-bottom:2px solid #000; padding:18px 14px;\"><!-- [et_pb_line_break_holder] -->    <span style=\"font-size:45px; font-weight:400; line-height:1.1;\">Daens<\/span><!-- [et_pb_line_break_holder] -->  <\/div>\n<p><!-- [et_pb_line_break_holder] -->  <\/p>\n<div style=\"overflow:hidden; min-height:350px;\"><!-- [et_pb_line_break_holder] -->    <img decoding=\"async\" src=\"https:\/\/muma.swisslivetalents.ch\/wp-content\/uploads\/2026\/04\/5.Daens_-scaled.jpg\" wpml:html_comment=\"\" pcetlsbbzxrfcgjfbgluzv9icmvha19ob2xkzxjdic0tpg=\"=\">  style=&#8220;width:100%; height:350px; object-fit:cover; display:block;&#8220; \/&gt;<!-- [et_pb_line_break_holder] -->  <\/div>\n<p><!-- [et_pb_line_break_holder] -->  <\/p>\n<div style=\"border-top:2px solid #000; padding:10px 14px;\"><!-- [et_pb_line_break_holder] -->    <span style=\"font-size:15px; color:#666; font-style:italic;\">Parterre One &#8211; Freitag, 21. August<\/span><!-- [et_pb_line_break_holder] -->  <\/div>\n<p><!-- [et_pb_line_break_holder] --><\/div>\n<p><!-- [et_pb_line_break_holder] --><\/p>\n<div style=\"margin-top:16px; text-align:center;\"><!-- [et_pb_line_break_holder] -->  <a href=\"https:\/\/muma.swisslivetalents.ch\/de\/2026-tickets\/\" target=\"_blank\" style=\"display:inline-block; background:#28ff5a; border:2px solid #000; border-radius:999px; padding:8px 20px; font-size:14px; font-weight:700; letter-spacing:0.06em; text-transform:uppercase; text-decoration:none; color:#000;\">Tickets<\/a><!-- [et_pb_line_break_holder] --><\/div>\n<p>[\/et_pb_code][\/et_pb_column][et_pb_column type=&#8220;1_2&#8243; _builder_version=&#8220;4.27.6&#8243; _module_preset=&#8220;default&#8220; global_colors_info=&#8220;{}&#8220;][et_pb_text _builder_version=&#8220;4.27.6&#8243; _module_preset=&#8220;default&#8220; text_text_color=&#8220;#FFFFFF&#8220; custom_margin=&#8220;5px||||false|false&#8220; custom_margin_tablet=&#8220;30px||||false|false&#8220; custom_margin_phone=&#8220;30px||||false|false&#8220; custom_margin_last_edited=&#8220;on|phone&#8220; global_colors_info=&#8220;{}&#8220;]<\/p>\n<p data-start=\"0\" data-end=\"620\">DAENS ist eine vierk\u00f6pfige Band aus den Schweizer Kantonen Uri und Schwyz, die seit 2018 gemeinsam Musik macht. Mit mehr als 180 Konzerten haben sie sich als elektrisierende Live-Band etabliert, w\u00e4hrend ihre Titel eine gute Radioausstrahlung genie\u00dfen. Sie haben das Publikum u.a. bei folgenden Veranstaltungen begeistert    <span class=\"hover:entity-accent entity-underline inline cursor-pointer align-baseline\"><span class=\"whitespace-normal\">OpenAir St. Gallen <\/span><\/span>, <span class=\"hover:entity-accent entity-underline inline cursor-pointer align-baseline\"><span class=\"whitespace-normal\">Heitere Open Air<\/span><\/span>, <span class=\"hover:entity-accent entity-underline inline cursor-pointer align-baseline\"><span class=\"whitespace-normal\">Gurtenfestival<\/span><\/span> oder <span class=\"hover:entity-accent entity-underline inline cursor-pointer align-baseline\"><span class=\"whitespace-normal\">Luzern Live<\/span><\/span>Die Auftritte waren gepr\u00e4gt von Aufrichtigkeit, Energie und einer sp\u00fcrbaren Verbindung zum Publikum.<\/p>\n<p data-start=\"622\" data-end=\"904\">Ihr Klanguniversum bewegt sich zwischen Indie-Pop, Folk, Disco und Funk &#8211; eine offene, verspielte Mischung, die jedoch eindeutig identifizierbar ist. Das Herzst\u00fcck dieses Sounds ist die einzigartige Stimme des S\u00e4ngers Daniel Beltrametti, der m\u00fchelos zwischen mitrei\u00dfenden Grooves und vertr\u00e4umten Stimmungen wechseln kann. <\/p>\n<p data-start=\"906\" data-end=\"1109\">Nach ihrer ersten EP <em data-start=\"928\" data-end=\"936\">Misses<\/em> und mehreren Singles legte die Band eine kreative Pause ein &#8211; eine Zeit, die von pers\u00f6nlicher Entwicklung, musikalischen Erkundungen und dem Wunsch, sich neu zu erfinden, gen\u00e4hrt wurde.<\/p>\n<p data-start=\"1111\" data-end=\"1298\">Jetzt ist DAENS mit neuen Songs und einer erneuerten Klangidentit\u00e4t zur\u00fcck, die vertraute Elemente neu anordnet und gleichzeitig neue stilistische Gebiete erkundet.<\/p>\n<p data-start=\"1300\" data-end=\"1425\" data-is-last-node=\"\" data-is-only-node=\"\">DAENS bleibt DAENS &#8211; nur ein wenig anders. Gewagter, reifer, aber immer noch von Emotionen und Groove getragen. <\/p>\n<p>[\/et_pb_text][\/et_pb_column][\/et_pb_row][\/et_pb_section][et_pb_section fb_built=&#8220;1&#8243; _builder_version=&#8220;4.27.6&#8243; _module_preset=&#8220;default&#8220; background_color=&#8220;gcid-0d4f582c-fd19-441f-b082-563fb1289e02&#8243; custom_margin=&#8220;||-80px||false|false&#8220; custom_margin_tablet=&#8220;||-60px||false|false&#8220; custom_margin_phone=&#8220;||-80px||false|false&#8220; custom_margin_last_edited=&#8220;on|phone&#8220; hover_enabled=&#8220;0&#8243; global_colors_info=&#8220;{%22gcid-0d4f582c-fd19-441f-b082-563fb1289e02%22:%91%22background_color%22%93}&#8220; sticky_enabled=&#8220;0&#8243;][et_pb_row _builder_version=&#8220;4.27.6&#8243; _module_preset=&#8220;default&#8220; global_colors_info=&#8220;{}&#8220;][et_pb_column type=&#8220;4_4&#8243; _builder_version=&#8220;4.27.6&#8243; _module_preset=&#8220;default&#8220; global_colors_info=&#8220;{}&#8220;][et_pb_code _builder_version=&#8220;4.27.6&#8243; _module_preset=&#8220;default&#8220; global_colors_info=&#8220;{}&#8220;]<iframe loading=\"lazy\" src=\"https:\/\/mx3.ch\/p\/1201nH\/embed\/standard\" width=\"100%\" height=\"360\" scrolling=\"no\" frameborder=\"no\" allowfullscreen=\"\"><\/iframe>[\/et_pb_code][\/et_pb_column][\/et_pb_row][\/et_pb_section]<\/p>\n","protected":false},"excerpt":{"rendered":"<p>DAENS ist eine vierk\u00f6pfige Band aus den Schweizer Kantonen Uri und Schwyz, die seit 2018 gemeinsam Musik macht. Mit mehr als 180 Konzerten haben sie sich als elektrisierende Live-Band etabliert, w\u00e4hrend ihre Titel eine gute Radioausstrahlung genie\u00dfen. Sie haben das Publikum u.a. bei folgenden Veranstaltungen begeistert OpenAir St. Gallen , Heitere Open Air, Gurtenfestival oder [&hellip;]<\/p>\n","protected":false},"author":2,"featured_media":124041,"comment_status":"open","ping_status":"open","sticky":false,"template":"","format":"standard","meta":{"_et_pb_use_builder":"on","_et_pb_old_content":"","_et_gb_content_width":"","footnotes":""},"categories":[492],"tags":[],"class_list":["post-124570","post","type-post","status-publish","format-standard","has-post-thumbnail","hentry","category-pop-26"],"_links":{"self":[{"href":"https:\/\/muma.swisslivetalents.ch\/de\/wp-json\/wp\/v2\/posts\/124570","targetHints":{"allow":["GET"]}}],"collection":[{"href":"https:\/\/muma.swisslivetalents.ch\/de\/wp-json\/wp\/v2\/posts"}],"about":[{"href":"https:\/\/muma.swisslivetalents.ch\/de\/wp-json\/wp\/v2\/types\/post"}],"author":[{"embeddable":true,"href":"https:\/\/muma.swisslivetalents.ch\/de\/wp-json\/wp\/v2\/users\/2"}],"replies":[{"embeddable":true,"href":"https:\/\/muma.swisslivetalents.ch\/de\/wp-json\/wp\/v2\/comments?post=124570"}],"version-history":[{"count":3,"href":"https:\/\/muma.swisslivetalents.ch\/de\/wp-json\/wp\/v2\/posts\/124570\/revisions"}],"predecessor-version":[{"id":124881,"href":"https:\/\/muma.swisslivetalents.ch\/de\/wp-json\/wp\/v2\/posts\/124570\/revisions\/124881"}],"wp:featuredmedia":[{"embeddable":true,"href":"https:\/\/muma.swisslivetalents.ch\/de\/wp-json\/wp\/v2\/media\/124041"}],"wp:attachment":[{"href":"https:\/\/muma.swisslivetalents.ch\/de\/wp-json\/wp\/v2\/media?parent=124570"}],"wp:term":[{"taxonomy":"category","embeddable":true,"href":"https:\/\/muma.swisslivetalents.ch\/de\/wp-json\/wp\/v2\/categories?post=124570"},{"taxonomy":"post_tag","embeddable":true,"href":"https:\/\/muma.swisslivetalents.ch\/de\/wp-json\/wp\/v2\/tags?post=124570"}],"curies":[{"name":"wp","href":"https:\/\/api.w.org\/{rel}","templated":true}]}}