{"id":124546,"date":"2026-04-29T12:04:13","date_gmt":"2026-04-29T10:04:13","guid":{"rendered":"https:\/\/muma.swisslivetalents.ch\/monte-mai-2\/"},"modified":"2026-05-01T09:15:44","modified_gmt":"2026-05-01T07:15:44","slug":"monte-mai-2","status":"publish","type":"post","link":"https:\/\/muma.swisslivetalents.ch\/de\/monte-mai-2\/","title":{"rendered":"Monte Mai (TI)"},"content":{"rendered":"<p>[et_pb_section fb_built=&#8220;1&#8243; _builder_version=&#8220;4.27.6&#8243; _module_preset=&#8220;default&#8220; background_color=&#8220;gcid-0d4f582c-fd19-441f-b082-563fb1289e02&#8243; global_colors_info=&#8220;{%22gcid-0d4f582c-fd19-441f-b082-563fb1289e02%22:%91%22background_color%22%93}&#8220;][et_pb_row column_structure=&#8220;1_2,1_2&#8243; _builder_version=&#8220;4.27.6&#8243; _module_preset=&#8220;default&#8220; global_colors_info=&#8220;{}&#8220;][et_pb_column type=&#8220;1_2&#8243; _builder_version=&#8220;4.27.6&#8243; _module_preset=&#8220;default&#8220; global_colors_info=&#8220;{}&#8220;][et_pb_code _builder_version=&#8220;4.27.6&#8243; _module_preset=&#8220;default&#8220; hover_enabled=&#8220;0&#8243; border_color_all=&#8220;gcid-727fca8f-6152-4476-8bff-a964eb110587&#8243; global_colors_info=&#8220;{%22gcid-727fca8f-6152-4476-8bff-a964eb110587%22:%91%22border_color_all%22%93}&#8220; sticky_enabled=&#8220;0&#8243;]<\/p>\n<div style=\"border:2px solid #000; display:flex; flex-direction:column; overflow:hidden; background:#fff;\"><!-- [et_pb_line_break_holder] -->  <\/p>\n<div style=\"border-bottom:2px solid #000; padding:10px 14px; background:#28ff5a;\"><!-- [et_pb_line_break_holder] -->    <span style=\"font-size:15px; font-weight:400; letter-spacing:0.08em; text-transform:uppercase;\">Electro<\/span><!-- [et_pb_line_break_holder] -->  <\/div>\n<p><!-- [et_pb_line_break_holder] -->  <\/p>\n<div style=\"border-bottom:2px solid #000; padding:18px 14px;\"><!-- [et_pb_line_break_holder] -->    <span style=\"font-size:45px; font-weight:400; line-height:1.1;\">Monte Mai<\/span><!-- [et_pb_line_break_holder] -->  <\/div>\n<p><!-- [et_pb_line_break_holder] -->  <\/p>\n<div style=\"overflow:hidden; min-height:350px;\"><!-- [et_pb_line_break_holder] -->    <img decoding=\"async\" src=\"https:\/\/muma.swisslivetalents.ch\/wp-content\/uploads\/2026\/04\/Monte-Mai-scaled.jpg\" style=\"width:100%; height:350px; object-fit:cover; display:block;\" \/><!-- [et_pb_line_break_holder] -->  <\/div>\n<p><!-- [et_pb_line_break_holder] -->  <\/p>\n<div style=\"border-top:2px solid #000; padding:10px 14px;\"><!-- [et_pb_line_break_holder] -->    <span style=\"font-size:15px; color:#666; font-style:italic;\">Atlantis &#8211; Samstag, 22. August<\/span><!-- [et_pb_line_break_holder] -->  <\/div>\n<p><!-- [et_pb_line_break_holder] --><\/div>\n<p><!-- [et_pb_line_break_holder] --><\/p>\n<div style=\"margin-top:16px; text-align:center;\"><!-- [et_pb_line_break_holder] -->  <a href=\"https:\/\/muma.swisslivetalents.ch\/de\/2026-tickets\/\" target=\"_blank\" style=\"display:inline-block; background:#28ff5a; border:2px solid #000; border-radius:999px; padding:8px 20px; font-size:14px; font-weight:700; letter-spacing:0.06em; text-transform:uppercase; text-decoration:none; color:#000;\">Tickets<\/a><!-- [et_pb_line_break_holder] --><\/div>\n<p>[\/et_pb_code][\/et_pb_column][et_pb_column type=&#8220;1_2&#8243; _builder_version=&#8220;4.27.6&#8243; _module_preset=&#8220;default&#8220; global_colors_info=&#8220;{}&#8220;][et_pb_text _builder_version=&#8220;4.27.6&#8243; _module_preset=&#8220;default&#8220; text_text_color=&#8220;#FFFFFF&#8220; custom_margin=&#8220;10px||||false|false&#8220; custom_margin_tablet=&#8220;30px||||false|false&#8220; custom_margin_phone=&#8220;30px||||false|false&#8220; custom_margin_last_edited=&#8220;on|phone&#8220; global_colors_info=&#8220;{}&#8220;]<\/p>\n<p>Monte Mai ist ein schweizerisch-karibisches psychedelisches Avant-Pop-Trio, das aus Fabio Besomi, Fabio Pinto und Ana\u00efs Schmidt besteht. Ihr Sound ist das Ergebnis einer einzigartigen Begegnung zwischen Schweizer Pr\u00e4zision und tropischer Energie.<\/p>\n<p>Eine ausgewogene Mischung aus ausladenden Melodien, \u00e4therischen Stimmen und elektronischen Rhythmen, die harmonisch miteinander verschmelzen. Eine Musik, die durch ihre intensive Emotionalit\u00e4t und die F\u00e4higkeit besticht, die elektronische K\u00e4lte der Maschinen mit der angeborenen Sch\u00f6nheit der menschlichen Sensibilit\u00e4t zu verbinden.<\/p>\n<p>Die Komposition und Produktion sind unglaublich sorgf\u00e4ltig und wunderbar unvorhersehbar, sie schwanken zwischen minimalistischen und dichteren, ges\u00e4ttigten Klanglandschaften mit einer entwaffnenden Originalit\u00e4t und Fl\u00fcssigkeit.<\/p>\n<p>Eine retro-manische Reise durch alternativen Pop und live gespielte Elektronik, angetrieben von einem starken Drang, neue musikalische Wege zu erforschen. Ihr erstes Album, &#8222;Eye Sea Double&#8220;, das Anfang 2023 ver\u00f6ffentlicht wurde und von der Kritik gefeiert wurde, hat sie schnell in die Sph\u00e4re der K\u00fcnstler katapultiert, die mit Namen wie Metronomy, LCD Soundsystem, The Knife, Son Lux, Animal Collective und Vanishing Twin verglichen werden. Sie wurden eingeladen, bei renommierten Festivals wie dem Fusion Festival (2024), Reeperbahn (2024), Mi Ami (2024), Apolide (2024), Bal\u00e9lec (2022) und M4Music (2023) aufzutreten.<\/p>\n<p>Bisher haben sie die B\u00fchne mit international bekannten K\u00fcnstlern wie Ibeyi, M83, Cigarettes After Sex, Los Bitchos, Nu Genea, Phoenix, CCCP, Bar Italia und Erlend \u00d8ye geteilt.<\/p>\n<p>Ihr neues Album, das von dem Emmentaler Vision\u00e4r Domi Chansorn produziert wurde, wird im M\u00e4rz 2025 unter dem unabh\u00e4ngigen Schweizer Label Il Domani ver\u00f6ffentlicht. Nach der Ver\u00f6ffentlichung des Albums wird eine gro\u00dfe Tournee durch die Schweiz, Deutschland, Italien, die Niederlande, Belgien, die Tschechische Republik und Frankreich folgen.<\/p>\n<p>[\/et_pb_text][\/et_pb_column][\/et_pb_row][\/et_pb_section][et_pb_section fb_built=&#8220;1&#8243; _builder_version=&#8220;4.27.6&#8243; _module_preset=&#8220;default&#8220; background_color=&#8220;gcid-0d4f582c-fd19-441f-b082-563fb1289e02&#8243; custom_margin=&#8220;||-60px||false|false&#8220; custom_margin_tablet=&#8220;||-60px||false|false&#8220; custom_margin_phone=&#8220;||-60px||false|false&#8220; custom_margin_last_edited=&#8220;on|phone&#8220; global_colors_info=&#8220;{%22gcid-0d4f582c-fd19-441f-b082-563fb1289e02%22:%91%22background_color%22%93}&#8220;][et_pb_row _builder_version=&#8220;4.27.6&#8243; _module_preset=&#8220;default&#8220; global_colors_info=&#8220;{}&#8220;][et_pb_column type=&#8220;4_4&#8243; _builder_version=&#8220;4.27.6&#8243; _module_preset=&#8220;default&#8220; global_colors_info=&#8220;{}&#8220;][et_pb_code _builder_version=&#8220;4.27.6&#8243; _module_preset=&#8220;default&#8220; global_colors_info=&#8220;{}&#8220;]<iframe loading=\"lazy\" src=\"https:\/\/mx3.ch\/p\/1201PF\/embed\/standard\" width=\"100%\" height=\"360\" scrolling=\"no\" frameborder=\"no\" allowfullscreen=\"\"><\/iframe>[\/et_pb_code][\/et_pb_column][\/et_pb_row][\/et_pb_section]<\/p>\n","protected":false},"excerpt":{"rendered":"<p>Monte Mai ist ein schweizerisch-karibisches psychedelisches Avant-Pop-Trio, das aus Fabio Besomi, Fabio Pinto und Ana\u00efs Schmidt besteht. Ihr Sound ist das Ergebnis einer einzigartigen Begegnung zwischen Schweizer Pr\u00e4zision und tropischer Energie. Eine ausgewogene Mischung aus ausladenden Melodien, \u00e4therischen Stimmen und elektronischen Rhythmen, die harmonisch miteinander verschmelzen. Eine Musik, die durch ihre intensive Emotionalit\u00e4t und die [&hellip;]<\/p>\n","protected":false},"author":2,"featured_media":124092,"comment_status":"open","ping_status":"open","sticky":false,"template":"","format":"standard","meta":{"_et_pb_use_builder":"on","_et_pb_old_content":"","_et_gb_content_width":"","footnotes":""},"categories":[490],"tags":[],"class_list":["post-124546","post","type-post","status-publish","format-standard","has-post-thumbnail","hentry","category-electro-26"],"_links":{"self":[{"href":"https:\/\/muma.swisslivetalents.ch\/de\/wp-json\/wp\/v2\/posts\/124546","targetHints":{"allow":["GET"]}}],"collection":[{"href":"https:\/\/muma.swisslivetalents.ch\/de\/wp-json\/wp\/v2\/posts"}],"about":[{"href":"https:\/\/muma.swisslivetalents.ch\/de\/wp-json\/wp\/v2\/types\/post"}],"author":[{"embeddable":true,"href":"https:\/\/muma.swisslivetalents.ch\/de\/wp-json\/wp\/v2\/users\/2"}],"replies":[{"embeddable":true,"href":"https:\/\/muma.swisslivetalents.ch\/de\/wp-json\/wp\/v2\/comments?post=124546"}],"version-history":[{"count":4,"href":"https:\/\/muma.swisslivetalents.ch\/de\/wp-json\/wp\/v2\/posts\/124546\/revisions"}],"predecessor-version":[{"id":124885,"href":"https:\/\/muma.swisslivetalents.ch\/de\/wp-json\/wp\/v2\/posts\/124546\/revisions\/124885"}],"wp:featuredmedia":[{"embeddable":true,"href":"https:\/\/muma.swisslivetalents.ch\/de\/wp-json\/wp\/v2\/media\/124092"}],"wp:attachment":[{"href":"https:\/\/muma.swisslivetalents.ch\/de\/wp-json\/wp\/v2\/media?parent=124546"}],"wp:term":[{"taxonomy":"category","embeddable":true,"href":"https:\/\/muma.swisslivetalents.ch\/de\/wp-json\/wp\/v2\/categories?post=124546"},{"taxonomy":"post_tag","embeddable":true,"href":"https:\/\/muma.swisslivetalents.ch\/de\/wp-json\/wp\/v2\/tags?post=124546"}],"curies":[{"name":"wp","href":"https:\/\/api.w.org\/{rel}","templated":true}]}}